[{"N\u00famero":"001","Exerc\u00edcio":2025,"Data":"02\/01\/2025","Modalidade":"Contrato Original","Contratado":"Ant\u00f4nio Valdeny Nascimento da Silva","CPF\/CNPJ":614248388,"Secretaria":"C\u00e2mara Municipal de Santa Quit\u00e9ria","Objeto":"Rescindir, de comum acordo, o Contrato Tempor\u00e1rio n\u00ba 001\/2025, firmado\r\nem 02\/01\/2025, para a presta\u00e7\u00e3o de servi\u00e7os no cargo\/fun\u00e7\u00e3o de Motorista da C\u00e2mara\r\nMunicipal de Santa Quit\u00e9ria\/CE, nas seguintes condi\u00e7\u00f5es:","Valor Global":"R$ 0,10","In\u00edcio Vig\u00eancia":"15\/07\/2025","Fim Vig\u00eancia":"17\/07\/2026","Status":"Vigente"},{"N\u00famero":"002","Exerc\u00edcio":2025,"Data":"02\/01\/2025","Modalidade":"Contrato Original","Contratado":"Jos\u00e9 Ant\u00f4nio Vieira Sales Sobrinho","CPF\/CNPJ":3312231396,"Secretaria":"C\u00e2mara Municipal de Santa Quit\u00e9ria","Objeto":"rescindir, de comum acordo, o Contrato Tempor\u00e1rio n\u00b0 002\/2025, firmado\r\nem 02\/01\/2025, para a presta\u00e7\u00e3o de servi\u00e7os no cargo\/fun\u00e7\u00e3o de Agente Financeiro da\r\nC\u00e2mara Municipal de Santa Quit\u00e9ria\/CE, nas seguintes condi\u00e7\u00f5es:","Valor Global":"R$ 0,01","In\u00edcio Vig\u00eancia":"02\/01\/2025","Fim Vig\u00eancia":"15\/07\/2025","Status":"Encerrado"},{"N\u00famero":"003","Exerc\u00edcio":2025,"Data":"02\/01\/2025","Modalidade":"Contrato Original","Contratado":"Ant\u00f4nio Renato de Matos Alves","CPF\/CNPJ":2775449395,"Secretaria":"C\u00e2mara Municipal de Santa Quit\u00e9ria","Objeto":"rescindir, deicomum acordo, o Contrato Tempor\u0430rio oratlo n\u00b0 003\/2025, firmado\r\nem 02\/01\/2025, para a presta\u00e7\u00e3o de servi\u00e7os no cargo\/fun\u00e7\u00e3o de Auxiliar de Servi\u00e7os Gerais\r\nda C\u00e2mara Municipal de Santa Quit\u00e9ria\/CE, nas seguintes condi\u00e7\u00f5es","Valor Global":"R$ 0,01","In\u00edcio Vig\u00eancia":"02\/01\/2025","Fim Vig\u00eancia":"15\/07\/2025","Status":"Encerrado"},{"N\u00famero":"004","Exerc\u00edcio":2025,"Data":"02\/01\/2025","Modalidade":"Contrato Original","Contratado":"Francisco Jailson Mesquita Brand\u00e3o","CPF\/CNPJ":61804456306,"Secretaria":"C\u00e2mara Municipal de Santa Quit\u00e9ria","Objeto":"rescindir, de comum acordo, o Contrato Tempor\u00e1rio n\u00ba 004\/2025, firmado\r\nem 02\/01\/2025, para a presta\u00e7\u00e3o de servi\u00e7os no cargo\/fun\u00e7\u00e3o de Vigia na Procuradoria\r\nEspecial da Mulher da C\u00e2mara Municipal de Santa Quit\u00e9ria\/CE (PEM\/CMSQ), nas\r\nseguintes condi\u00e7\u00f5es:","Valor Global":"R$ 0,01","In\u00edcio Vig\u00eancia":"02\/01\/2025","Fim Vig\u00eancia":"15\/07\/2025","Status":"Encerrado"},{"N\u00famero":"005","Exerc\u00edcio":2025,"Data":"02\/01\/2025","Modalidade":"Contrato Original","Contratado":"F\u00e1tima Maria Camilo da Silva","CPF\/CNPJ":4851383363,"Secretaria":"C\u00e2mara Municipal de Santa Quit\u00e9ria","Objeto":"rescindir, de comum acordo, o Contrato Tempor\u00e1rio n\u00ba 005\/2025, firmado\r\nem 02\/01\/2025, para a presta\u00e7\u00e3o de servi\u00e7os no cargo\/fun\u00e7\u00e3o de Auxiliar de Servi\u00e7os Gerais\r\n- A8 na C\u00e2mara Municipal de Santa Quit\u00e9ria\/CE, nas seguintes condi\u00e7\u00f5es:","Valor Global":"R$ 0,01","In\u00edcio Vig\u00eancia":"02\/01\/2025","Fim Vig\u00eancia":"15\/07\/2025","Status":"Encerrado"},{"N\u00famero":"006","Exerc\u00edcio":2025,"Data":"02\/01\/2025","Modalidade":"Contrato Original","Contratado":"Lidiana Caetano Farias","CPF\/CNPJ":4625928397,"Secretaria":"C\u00e2mara Municipal de Santa Quit\u00e9ria","Objeto":"rescindir, de comum acordo, o Contrato Tempor\u00e1rio n\u00ba 006\/2025, firmado\r\nem 02\/01\/2025, para a presta\u00e7\u00e3o de servi\u00e7os no cargo\/fun\u00e7\u00e3o de Auxiliar de Servi\u00e7os Gerais\r\nna Procuradoria Especial da Mulher da C\u00e2mara Municipal de Santa Quit\u00e9ria\/CE\r\n(PEM\/CMSQ), nas seguintes condi\u00e7\u00f5es:","Valor Global":"R$ 0,01","In\u00edcio Vig\u00eancia":"02\/01\/2025","Fim Vig\u00eancia":"15\/07\/2025","Status":"Encerrado"},{"N\u00famero":"007","Exerc\u00edcio":2025,"Data":"02\/01\/2025","Modalidade":"Contrato Original","Contratado":"Carlos Greg\u00f3rio Alves da Silva","CPF\/CNPJ":6336893359,"Secretaria":"C\u00e2mara Municipal de Santa Quit\u00e9ria","Objeto":"rescindir, de comum acordo, o Contrato Tempor\u00e1rio n\u00ba 007\/2025, firmado\r\nem 02\/01\/2025, para a presta\u00e7\u00e3o de servi\u00e7os no cargo\/fun\u00e7\u00e3o de Vigia do PROCON da\r\nC\u00e2mara Municipal de Santa Quit\u00e9ria\/CE (PROCON\/CMSQ), nas seguintes condi\u00e7\u00f5es:","Valor Global":"R$ 0,01","In\u00edcio Vig\u00eancia":"02\/01\/2025","Fim Vig\u00eancia":"15\/07\/2025","Status":"Encerrado"},{"N\u00famero":"008","Exerc\u00edcio":2025,"Data":"02\/01\/2025","Modalidade":"Contrato Original","Contratado":"Ant\u00f4nio Barboza de Menezes Neto","CPF\/CNPJ":4092987358,"Secretaria":"C\u00e2mara Municipal de Santa Quit\u00e9ria","Objeto":"rescindir, de comum acordo, o Contrato Tempor\u00e1rio n\u00ba 008\/2025, firmado\r\nem 02\/01\/2025, para a presta\u00e7\u00e3o de servi\u00e7os no cargo\/fun\u00e7\u00e3o de Motorista - A9 da C\u00e2mara\r\nMunicipal de Santa Quit\u00e9ria\/CE, nas seguintes condi\u00e7\u00f5es:","Valor Global":"R$ 0,01","In\u00edcio Vig\u00eancia":"02\/01\/2025","Fim Vig\u00eancia":"15\/07\/2025","Status":"Encerrado"},{"N\u00famero":"008","Exerc\u00edcio":2025,"Data":"03\/03\/2025","Modalidade":"Contrato Original","Contratado":"Ant\u00f4nio Barboza de Menezes Neto","CPF\/CNPJ":4092987358,"Secretaria":"C\u00e2mara Municipal de Santa Quit\u00e9ria","Objeto":"CONTRATO ADMINISTRATIVO DE SERVIC\u0327O TEMPORA\u0301RIO N\u00b0 008-2025 BARBOZA DE MENEZES NETO","Valor Global":"R$ 1.880,88","In\u00edcio Vig\u00eancia":"03\/03\/2025","Fim Vig\u00eancia":"31\/12\/2025","Status":"Encerrado"},{"N\u00famero":"009","Exerc\u00edcio":2025,"Data":"02\/01\/2025","Modalidade":"Contrato Original","Contratado":"Ant\u00f4nia Ferreira Gon\u00e7alves","CPF\/CNPJ":29102320851,"Secretaria":"C\u00e2mara Municipal de Santa Quit\u00e9ria","Objeto":"rescindir, de comum acordo, o Contrato Tempor\u00e1rio n\u00ba 009\/2025, firmado\r\nem 02\/01\/2025, para a presta\u00e7\u00e3o de servi\u00e7os no cargo\/fun\u00e7\u00e3o de Auxiliar de Servi\u00e7os Gerais\r\n- A8 na C\u00e2mara Municipal de Santa Quit\u00e9ria\/CE, nas seguintes condi\u00e7\u00f5es:","Valor Global":"R$ 0,01","In\u00edcio Vig\u00eancia":"02\/01\/2025","Fim Vig\u00eancia":"15\/07\/2025","Status":"Encerrado"},{"N\u00famero":"009","Exerc\u00edcio":2025,"Data":"03\/03\/2025","Modalidade":"Contrato Original","Contratado":"Ant\u00f4nia Ferreira Gon\u00e7alves","CPF\/CNPJ":29102320851,"Secretaria":"C\u00e2mara Municipal de Santa Quit\u00e9ria","Objeto":"CONTRATO ADMINISTRATIVO DE SERVIC\u0327O TEMPORA\u0301RIO N\u00b0 009-2025 ANTONIA FERREIRA GONC\u0327ALVES","Valor Global":"R$ 1.518,00","In\u00edcio Vig\u00eancia":"03\/03\/2025","Fim Vig\u00eancia":"31\/12\/2025","Status":"Encerrado"}]