[{"Tipo":"Ordin\u00e1ria","N\u00famero":12,"Exerc\u00edcio":2026,"Data":"23\/03\/2026","Status":"Encerrada","Legislatura":"31\u00b0 LEGISLATURA (2025 - 2028)","Descri\u00e7\u00e3o":"12\u00aa SESS\u00c3O ORDIN\u00c1RIA DO SEGUNDO PER\u00cdODO","Pauta (Arquivo)":"-","Ata (Arquivo)":"-"},{"Tipo":"Ordin\u00e1ria","N\u00famero":13,"Exerc\u00edcio":2025,"Data":"07\/11\/2025","Status":"Encerrada","Legislatura":"31\u00b0 LEGISLATURA (2025 - 2028)","Descri\u00e7\u00e3o":"13\u00aa SESS\u00c3O ORDIN\u00c1RIA DO SEGUNDO PER\u00cdODO","Pauta (Arquivo)":"-","Ata (Arquivo)":"-"},{"Tipo":"Ordin\u00e1ria","N\u00famero":12,"Exerc\u00edcio":2025,"Data":"31\/10\/2025","Status":"Encerrada","Legislatura":"31\u00b0 LEGISLATURA (2025 - 2028)","Descri\u00e7\u00e3o":"12\u00aa SESS\u00c3O ORDIN\u00c1RIA DO SEGUNDO PER\u00cdODO","Pauta (Arquivo)":"-","Ata (Arquivo)":"-"},{"Tipo":"Ordin\u00e1ria","N\u00famero":7,"Exerc\u00edcio":2025,"Data":"12\/09\/2025","Status":"Encerrada","Legislatura":"31\u00b0 LEGISLATURA (2025 - 2028)","Descri\u00e7\u00e3o":"7\u00aa SESS\u00c3O ORDIN\u00c1RIA DO SEGUNDO PER\u00cdODO","Pauta (Arquivo)":"-","Ata (Arquivo)":"-"},{"Tipo":"Audi\u00eancia P\u00fablica","N\u00famero":3,"Exerc\u00edcio":2019,"Data":"20\/11\/2019","Status":"Encerrada","Legislatura":"Legislatura (2017 - 2020)","Descri\u00e7\u00e3o":"AUDI\u00caNCIA P\u00daBLICA:\r\nEMPODERAMENTO DA MULHER: O PAPEL DE MENINAS E MULHERES EM POSI\u00c7\u00d5ES DE LIDERAN\u00c7A.\r\nPLEN\u00c1RIO VEREADOR FRANCISCO LINHARES FIGUEIREDO\r\nDATA: 20\/11\/19","Pauta (Arquivo)":"-","Ata (Arquivo)":"-"},{"Tipo":"Ordin\u00e1ria","N\u00famero":11,"Exerc\u00edcio":2019,"Data":"08\/11\/2019","Status":"Encerrada","Legislatura":"Legislatura (2017 - 2020)","Descri\u00e7\u00e3o":"XI SESS\u00c3O ORDIN\u00c1RIA - II PER\u00cdODO ANO III.\r\nVIG\u00c9SIMA NONA LEGISLATURA\r\nPLEN\u00c1RIO VEREADOR FRANCISCO LINHARES FIGUEIREDO.\r\nData:08\/11\/19","Pauta (Arquivo)":"-","Ata (Arquivo)":"-"},{"Tipo":"Extra-Ordin\u00e1ria","N\u00famero":1,"Exerc\u00edcio":2019,"Data":"04\/11\/2019","Status":"Encerrada","Legislatura":"Legislatura (2017 - 2020)","Descri\u00e7\u00e3o":"Posse ao suplente Ant\u00f4nio Pereira Matos ( PSDB ) no cargo de vereador, em substitui\u00e7\u00e3o ao vereador Francisco Rafael Vaz da Silva.","Pauta (Arquivo)":"-","Ata (Arquivo)":"-"},{"Tipo":"Ordin\u00e1ria","N\u00famero":9,"Exerc\u00edcio":2019,"Data":"18\/10\/2019","Status":"Encerrada","Legislatura":"Legislatura (2017 - 2020)","Descri\u00e7\u00e3o":"IX SESS\u00c3O ORDIN\u00c1RIA - II PER\u00cdODO ANO III.\r\nVIG\u00c9SIMA NONA LEGISLATURA\r\nPLEN\u00c1RIO VEREADOR FRANCISCO LINHARES FIGUEIREDO.\r\nData:18\/10\/19","Pauta (Arquivo)":"-","Ata (Arquivo)":"-"},{"Tipo":"Ordin\u00e1ria","N\u00famero":8,"Exerc\u00edcio":2019,"Data":"11\/10\/2019","Status":"Encerrada","Legislatura":"Legislatura (2017 - 2020)","Descri\u00e7\u00e3o":"VIII SESS\u00c3O ORDIN\u00c1RIA - II PER\u00cdODO ANO III.\r\nVIG\u00c9SIMA NONA LEGISLATURA\r\nPLEN\u00c1RIO VEREADOR FRANCISCO LINHARES FIGUEIREDO.\r\nData:11\/10\/19","Pauta (Arquivo)":"-","Ata (Arquivo)":"-"},{"Tipo":"Ordin\u00e1ria","N\u00famero":7,"Exerc\u00edcio":2019,"Data":"20\/09\/2019","Status":"Encerrada","Legislatura":"Legislatura (2017 - 2020)","Descri\u00e7\u00e3o":"VII SESS\u00c3O ORDIN\u00c1RIA - II PER\u00cdODO ANO III.\r\nVIG\u00c9SIMA NONA LEGISLATURA\r\nPLEN\u00c1RIO VEREADOR FRANCISCO LINHARES FIGUEIREDO.\r\nData:20\/09\/19","Pauta (Arquivo)":"-","Ata (Arquivo)":"-"},{"Tipo":"Ordin\u00e1ria","N\u00famero":6,"Exerc\u00edcio":2019,"Data":"13\/09\/2019","Status":"Encerrada","Legislatura":"Legislatura (2017 - 2020)","Descri\u00e7\u00e3o":"VI SESS\u00c3O ORDIN\u00c1RIA - II PER\u00cdODO ANO III.\r\nVIG\u00c9SIMA NONA LEGISLATURA\r\nPLEN\u00c1RIO VEREADOR FRANCISCO LINHARES FIGUEIREDO.\r\nData:13\/09\/19","Pauta (Arquivo)":"-","Ata (Arquivo)":"-"},{"Tipo":"Ordin\u00e1ria","N\u00famero":5,"Exerc\u00edcio":2019,"Data":"06\/09\/2019","Status":"Encerrada","Legislatura":"Legislatura (2017 - 2020)","Descri\u00e7\u00e3o":"V SESS\u00c3O ORDIN\u00c1RIA - II PER\u00cdODO ANO III.\r\nVIG\u00c9SIMA NONA LEGISLATURA\r\nPLEN\u00c1RIO VEREADOR FRANCISCO LINHARES FIGUEIREDO.\r\nData:06\/09\/19","Pauta (Arquivo)":"-","Ata (Arquivo)":"-"},{"Tipo":"Ordin\u00e1ria","N\u00famero":4,"Exerc\u00edcio":2019,"Data":"30\/08\/2019","Status":"Encerrada","Legislatura":"Legislatura (2017 - 2020)","Descri\u00e7\u00e3o":"IV SESS\u00c3O ORDIN\u00c1RIA - II PER\u00cdODO ANO III.\r\nVIG\u00c9SIMA NONA LEGISLATURA\r\nPLEN\u00c1RIO VEREADOR FRANCISCO LINHARES FIGUEIREDO.\r\nData:30\/08\/19","Pauta (Arquivo)":"-","Ata (Arquivo)":"-"},{"Tipo":"Ordin\u00e1ria","N\u00famero":4,"Exerc\u00edcio":2019,"Data":"30\/08\/2019","Status":"Encerrada","Legislatura":"Legislatura (2017 - 2020)","Descri\u00e7\u00e3o":"CONTINUIDADE:\r\nIV SESS\u00c3O ORDIN\u00c1RIA - II PER\u00cdODO ANO III.\r\nVIG\u00c9SIMA NONA LEGISLATURA\r\nPLEN\u00c1RIO VEREADOR FRANCISCO LINHARES FIGUEIREDO.\r\nData:30\/08\/19","Pauta (Arquivo)":"-","Ata (Arquivo)":"-"},{"Tipo":"Solene","N\u00famero":2,"Exerc\u00edcio":2019,"Data":"23\/08\/2019","Status":"Encerrada","Legislatura":"Legislatura (2017 - 2020)","Descri\u00e7\u00e3o":"SESS\u00c3O SOLENE EM HOMENAGEM P\u00d3STUMA AO EX-PREFEITO DE SANTA QUIT\u00c9RIA LUCIANO LOBO","Pauta (Arquivo)":"-","Ata (Arquivo)":"-"},{"Tipo":"Solene","N\u00famero":1,"Exerc\u00edcio":2019,"Data":"22\/08\/2019","Status":"Encerrada","Legislatura":"Legislatura (2017 - 2020)","Descri\u00e7\u00e3o":"Sess\u00e3o Solene Comemorativa aos 163 anos de emancipa\u00e7\u00e3o pol\u00edtica de nosso Munic\u00edpio.","Pauta (Arquivo)":"-","Ata (Arquivo)":"-"},{"Tipo":"Ordin\u00e1ria","N\u00famero":3,"Exerc\u00edcio":2019,"Data":"16\/08\/2019","Status":"Encerrada","Legislatura":"Legislatura (2017 - 2020)","Descri\u00e7\u00e3o":"III SESS\u00c3O ORDIN\u00c1RIA - II PER\u00cdODO ANO III.\r\nVIG\u00c9SIMA NONA LEGISLATURA\r\nPLEN\u00c1RIO VEREADOR FRANCISCO LINHARES FIGUEIREDO.\r\nData:16\/08\/19","Pauta (Arquivo)":"-","Ata (Arquivo)":"-"},{"Tipo":"Ordin\u00e1ria","N\u00famero":2,"Exerc\u00edcio":2019,"Data":"09\/08\/2019","Status":"Encerrada","Legislatura":"Legislatura (2017 - 2020)","Descri\u00e7\u00e3o":"II SESS\u00c3O ORDIN\u00c1RIA - II PER\u00cdODO NO III.\r\n- VIG\u00c9SIMA NONA LEGISLATURA -\r\nPLEN\u00c1RIO VEREADOR FRANCISCO LINHARES FIGUEIREDO.\r\n09\/08\/19","Pauta (Arquivo)":"-","Ata (Arquivo)":"-"},{"Tipo":"Ordin\u00e1ria","N\u00famero":2,"Exerc\u00edcio":2019,"Data":"09\/08\/2019","Status":"Encerrada","Legislatura":"Legislatura (2017 - 2020)","Descri\u00e7\u00e3o":"CONTINUIDADE:\r\nII SESS\u00c3O ORDIN\u00c1RIA - II PER\u00cdODO NO III.\r\n- VIG\u00c9SIMA NONA LEGISLATURA -\r\nPLEN\u00c1RIO VEREADOR FRANCISCO LINHARES FIGUEIREDO.\r\n09\/08\/19","Pauta (Arquivo)":"-","Ata (Arquivo)":"-"},{"Tipo":"Ordin\u00e1ria","N\u00famero":1,"Exerc\u00edcio":2019,"Data":"02\/08\/2019","Status":"Encerrada","Legislatura":"Legislatura (2017 - 2020)","Descri\u00e7\u00e3o":"I SESS\u00c3O ORDIN\u00c1RIA - II PER\u00cdODO ANO III.\r\n- VIG\u00c9SIMA NONA LEGISLATURA -\r\nPLEN\u00c1RIO VEREADOR FRANCISCO LINHARES FIGUEIREDO.\r\n02\/08\/19","Pauta (Arquivo)":"-","Ata (Arquivo)":"-"},{"Tipo":"Ordin\u00e1ria","N\u00famero":14,"Exerc\u00edcio":2019,"Data":"28\/06\/2019","Status":"Encerrada","Legislatura":"Legislatura (2017 - 2020)","Descri\u00e7\u00e3o":"XIV SESS\u00c3O ORDIN\u00c1RIA - I PER\u00cdODO NO III. \r\n- VIG\u00c9SIMA NONA LEGISLATURA - \r\nPLEN\u00c1RIO VEREADOR FRANCISCO LINHARES FIGUEIREDO.","Pauta (Arquivo)":"-","Ata (Arquivo)":"-"},{"Tipo":"Ordin\u00e1ria","N\u00famero":13,"Exerc\u00edcio":2019,"Data":"14\/06\/2019","Status":"Encerrada","Legislatura":"Legislatura (2017 - 2020)","Descri\u00e7\u00e3o":"XIII SESS\u00c3O ORDIN\u00c1RIA - I PER\u00cdODO ANO III. \r\n- VIG\u00c9SIMA NONA LEGISLATURA - \r\nPLEN\u00c1RIO VEREADOR FRANCISCO LINHARES FIGUEIREDO","Pauta (Arquivo)":"-","Ata (Arquivo)":"-"},{"Tipo":"Ordin\u00e1ria","N\u00famero":11,"Exerc\u00edcio":2019,"Data":"24\/05\/2019","Status":"Encerrada","Legislatura":"Legislatura (2017 - 2020)","Descri\u00e7\u00e3o":"XI SESS\u00c3O ORDIN\u00c1RIA - I PER\u00cdODO ANO III. \r\nVIG\u00c9SIMA NONA LEGISLATURA PLEN\u00c1RIO FRANCISCO LINHARES FIGUEIREDO","Pauta (Arquivo)":"-","Ata (Arquivo)":"-"},{"Tipo":"Ordin\u00e1ria","N\u00famero":10,"Exerc\u00edcio":2019,"Data":"10\/05\/2019","Status":"Encerrada","Legislatura":"Legislatura (2017 - 2020)","Descri\u00e7\u00e3o":"X SESS\u00c3O ORDIN\u00c1RIA - I PER\u00cdODO LEGISLATIVO ANO III. \r\nVIG\u00c9SIMA NONA LEGISLATURA PLEN\u00c1RIO FRANCISCO LINHARES FIGUEIREDO","Pauta (Arquivo)":"-","Ata (Arquivo)":"-"},{"Tipo":"Ordin\u00e1ria","N\u00famero":9,"Exerc\u00edcio":2019,"Data":"03\/05\/2019","Status":"Encerrada","Legislatura":"Legislatura (2017 - 2020)","Descri\u00e7\u00e3o":"IX SESS\u00c3O ORDIN\u00c1RIA - I PER\u00cdODO ANO III. \r\nVIG\u00c9SIMA NONA LEGISLATURA PLEN\u00c1RIO FRANCISCO LINHARES FIGUEIREDO","Pauta (Arquivo)":"-","Ata (Arquivo)":"-"},{"Tipo":"Audi\u00eancia P\u00fablica","N\u00famero":1,"Exerc\u00edcio":2019,"Data":"03\/05\/2019","Status":"Encerrada","Legislatura":"Legislatura (2017 - 2020)","Descri\u00e7\u00e3o":"Audi\u00eancia P\u00fablica - SOBRE OS IMPACTOS DA REFORMA DA PREVID\u00caNCIA SOCIAL 2019 NA VIDA DO BRASILEIRO","Pauta (Arquivo)":"-","Ata (Arquivo)":"-"},{"Tipo":"Extra-Ordin\u00e1ria","N\u00famero":1,"Exerc\u00edcio":2017,"Data":"13\/01\/2017","Status":"Encerrada","Legislatura":"Legislatura (2017 - 2020)","Descri\u00e7\u00e3o":"SESS\u00c3O EXTRAORDIN\u00c1RIA PARA COMPOSI\u00c7\u00c3O DAS COMISS\u00d5ES PERMANENTES DESTA CASA LEGISLATIVA PARA O BI\u00caNIO 2017-2018.","Pauta (Arquivo)":"-","Ata (Arquivo)":"-"}]